{"id":11329,"date":"2026-01-31T11:31:37","date_gmt":"2026-01-31T09:31:37","guid":{"rendered":"https:\/\/olafholzapfel.de\/?p=11329"},"modified":"2026-04-23T10:20:40","modified_gmt":"2026-04-23T08:20:40","slug":"produktive-unruhe","status":"publish","type":"post","link":"https:\/\/olafholzapfel.de\/en\/produktive-unruhe\/","title":{"rendered":"Produktive Unruhe"},"content":{"rendered":"<p>Mit Werken von Bernd Bankroth, Falko Behrendt, Sibylle Bergemann, Christian Borchert, Anna Bromley, Klaus Dennhardt, Michael Freudenberg, Freunde der Italienischen Oper, Reinhard Dietrich, Manuel Frolik, Hubertus Giebe, Hermann Gl\u00f6ckner, Dieter Goltzsche, Eberhard G\u00f6schel, Hans-Hendrik Grimmling, Herta G\u00fcnther, Angela Hampel, Andreas Hegewald, Christian Heinze, Christine Heitmann, Ernst Hirsch \/ Gartenfest Heinz Wittig, Olaf Holzapfel, Wilhelm Klotzek, Sylvie K\u00fcrsten, Gerda Lepke, Werner Lieberknecht, Peter Makolies, Yana Milev, Henrike Naumann, Helga Paris, A. R. Penck, Johannes Peschel, David Polzin, G\u00fcnther Rechn, N\u00faria Quevedo, Ruth Wolf-Rehfehldt, J\u00fcrgen Schieferdecker, Hanns Schimansky, Werner Schinko, J\u00fcrgen Sch\u00f6n, Luise Schr\u00f6der, Klaus Schwabe, Sabine Slatosch, Wolfgang Smy, Erika St\u00fcrmer-Alex, Ulrich Tarlatt, Alfred Thiele, Max Uhlig, Norbert Wagenbrett, Arnold Walter, Suse Weber, Claus Weidensdorfer, Horst Weisse, Olav Westphalen, Leoni Wirth, Karla Woisnitza, Ruth Wolf-Rehfehldt, Willy Wolff, Ulrich W\u00fcst, Fotis Zaprasis<\/p>\n\n\n\n<p>Mit einem k\u00fcnstlerischen Zeitzeug*innenprojekt von Sylvie K\u00fcrsten mit Susanne Altmann, Michael Freudenberg, Hubertus Giebe ,Prof. Dr. Bernd Lindner, Yana Milev, Peter Segor, Sabine Slatosch<\/p>\n\n\n\n<p>Die 1980er Jahre waren auch in Dresden eine bewegte unruhige Zeit, voller Widerspr\u00fcche, Auseinandersetzungen und Neuanf\u00e4nge. Welche Ausdrucksformen konnten sich durchsetzen und welche neuen Beziehungen entstanden zwischen Kunst und Publikum diesseits und jenseits staatlicher Lenkung? Die Ausstellung \u201eProduktive Unruhe\u201c nimmt ausgew\u00e4hlte Positionen der Kunst, der Fotografie und der Alternativkultur dieser Zeit als Resonanzraum sich anbahnender gesellschaftlicher Ver\u00e4nderungen in den Blick. Den Ausgangspunkt bilden die IX. und X. Kunstausstellung als gr\u00f6\u00dfte und meistbesuchte \u00dcberblicksausstellung der DDR, in denen sich bereits die Vielfalt des damaligen k\u00fcnstlerischen Wirkens abbildet, aber auch ausgew\u00e4hlte Positionen einer Alternativkultur, die zu diesem Zeitpunkt bereits eigene Wege jenseits der staatlich gelenkten Bahnen sucht und findet.Die gemeinsam entwickelte Ausstellung bietet Einblicke in diese besondere Zeit, \u00fcberwiegend anhand der grafischen Sammlungsbest\u00e4nde des Zentrums f\u00fcr Kunstausstellungen der DDR (ZfK), die 1991 nach der Aufl\u00f6sung des ZfK dem ifa \u2013 Institut f\u00fcr Auslandsbeziehungen \u00fcbertragen wurden. Im selben Jahr entstand auch das Kunsthaus Dresden als Nachfolgeinrichtung der ehemaligen Dresdner Au\u00dfenstelle des ZfK und heutige st\u00e4dtische Galerie f\u00fcr Gegenwartskunst.<\/p>\n\n\n\n<p>Gleich mehrere k\u00fcnstlerische Neuproduktionen er\u00f6ffnen \u2013 zum Teil auch in Auseinandersetzungmit der eigenen Familienbiografie \u2013 den Dialog zwischen den Generationen in dieser Ausstellung mit Werken und Leihgaben von insgesamt mehr als 50 K\u00fcnstler*innen.<\/p>\n\n\n\n<p>Auch der forschende Blick auf das Publikum von damals, seine Interaktion mit der Kunst damals wie heute hier, und das historische dokumentarische Material verweben Perspektiven der Gegenwart und der Vergangenheit miteinander und schlagen eine Br\u00fccke zu den Menschen und der Atmosph\u00e4re der 8oer Jahre in einem Land in Unruhe.<\/p>\n\n\n\n<p>Eine gemeinsame Ausstellung des Kunsthauses Dresden und dem ifa-Institut f\u00fcr Auslandsbeziehungen in Kooperation mit der W\u00fcstenrot Stiftung. Zu den weiteren Partnern z\u00e4hlen der Kunstfonds \/ Staatliche Kunstsammlungen Dresden und Art in Networks \u2013 ein Forschungsprojekt der Professur f\u00fcr Bildwissenschaft und Kunstgeschichte der TU Dresden.<\/p>\n\n\n\n<p>Unser Dank gilt der SLUB \u2013 Deutsche Fotothek, der Sammlung des Albertinum \/ Staatliche Kunstsammlungen Dresden, dem Lindenau Museum Altenburg, dem Getty Research Institute in Los Angeles, dem Stadtarchiv Dresden, dem Deutschen Hygienemuseum Dresden, der Galerie Himmel Dresden und vielen weiteren Partnern und Leihgebern.<\/p>\n\n\n\n<p>Kuratiert von Susanne Wei\u00df und Christiane Mennicke-Schwarz begleitet durch Sylvie K\u00fcrsten, Robert Thiele, Julianne Csapo. Mit Dank f\u00fcr wichtige Hinweise und Zusammenarbeit an: Silke Wagler, Prof. Dr. Bernd Lindner, Olaf Holzapfel, Luise Schr\u00f6der. Archivarbeit: Janine Wagler, Dr. Swantje Greve. Ausstellungsarchitektur lfm2 Leipzig.<\/p>\n\n\n\n<p><a href=\"https:\/\/kunsthausdresden.de\/veranstaltungen\/produktive-unruhe\/\" target=\"_blank\" rel=\"noreferrer noopener\">https:\/\/kunsthausdresden.de\/veranstaltungen\/produktive-unruhe\/<\/a><\/p>","protected":false},"excerpt":{"rendered":"Mit Werken von Bernd Bankroth, Falko Behrendt, Sibylle Bergemann, Christian Borchert, Anna Bromley, Klaus Dennhardt, Michael Freudenberg, Freunde der Italienischen Oper, Reinhard Dietrich, Manuel Frolik, Hubertus Giebe, Hermann Gl\u00f6ckner, Dieter Goltzsche, Eberhard G\u00f6schel, Hans-Hendrik Grimmling, Herta G\u00fcnther, Angela Hampel, Andreas Hegewald, Christian Heinze, Christine Heitmann, Ernst Hirsch \/ Gartenfest Heinz Wittig, Olaf Holzapfel, Wilhelm Klotzek,&#8230; <a class=\"view-article\" href=\"https:\/\/olafholzapfel.de\/en\/produktive-unruhe\/\">View Article<\/a>","protected":false},"author":7,"featured_media":0,"comment_status":"closed","ping_status":"closed","sticky":false,"template":"","format":"standard","meta":{"footnotes":""},"categories":[61],"tags":[],"class_list":["post-11329","post","type-post","status-publish","format-standard","hentry","category-kommend"],"yoast_head":"<!-- This site is optimized with the Yoast SEO plugin v27.4 - https:\/\/yoast.com\/product\/yoast-seo-wordpress\/ -->\n<title>Produktive Unruhe - Olaf Holzapfel<\/title>\n<meta name=\"robots\" content=\"index, follow, max-snippet:-1, max-image-preview:large, max-video-preview:-1\" \/>\n<link rel=\"canonical\" href=\"https:\/\/olafholzapfel.de\/en\/produktive-unruhe\/\" \/>\n<meta property=\"og:locale\" content=\"en_GB\" \/>\n<meta property=\"og:type\" content=\"article\" \/>\n<meta property=\"og:title\" content=\"Produktive Unruhe - Olaf Holzapfel\" \/>\n<meta property=\"og:description\" content=\"Mit Werken von Bernd Bankroth, Falko Behrendt, Sibylle Bergemann, Christian Borchert, Anna Bromley, Klaus Dennhardt, Michael Freudenberg, Freunde der Italienischen Oper, Reinhard Dietrich, Manuel Frolik, Hubertus Giebe, Hermann Gl\u00f6ckner, Dieter Goltzsche, Eberhard G\u00f6schel, Hans-Hendrik Grimmling, Herta G\u00fcnther, Angela Hampel, Andreas Hegewald, Christian Heinze, Christine Heitmann, Ernst Hirsch \/ Gartenfest Heinz Wittig, Olaf Holzapfel, Wilhelm Klotzek,... View Article\" \/>\n<meta property=\"og:url\" content=\"https:\/\/olafholzapfel.de\/en\/produktive-unruhe\/\" \/>\n<meta property=\"og:site_name\" content=\"Olaf Holzapfel\" \/>\n<meta property=\"article:published_time\" content=\"2026-01-31T09:31:37+00:00\" \/>\n<meta property=\"article:modified_time\" content=\"2026-04-23T08:20:40+00:00\" \/>\n<meta name=\"author\" content=\"Ulrike Bernhard\" \/>\n<meta name=\"twitter:card\" content=\"summary_large_image\" \/>\n<meta name=\"twitter:label1\" content=\"Written by\" \/>\n\t<meta name=\"twitter:data1\" content=\"Ulrike Bernhard\" \/>\n\t<meta name=\"twitter:label2\" content=\"Estimated reading time\" \/>\n\t<meta name=\"twitter:data2\" content=\"3 minutes\" \/>\n<script type=\"application\/ld+json\" class=\"yoast-schema-graph\">{\"@context\":\"https:\\\/\\\/schema.org\",\"@graph\":[{\"@type\":\"Article\",\"@id\":\"https:\\\/\\\/olafholzapfel.de\\\/produktive-unruhe\\\/#article\",\"isPartOf\":{\"@id\":\"https:\\\/\\\/olafholzapfel.de\\\/produktive-unruhe\\\/\"},\"author\":{\"name\":\"Ulrike Bernhard\",\"@id\":\"https:\\\/\\\/olafholzapfel.de\\\/#\\\/schema\\\/person\\\/7373f5f4c2e84bf2f4cd2c962c9b7619\"},\"headline\":\"Produktive Unruhe\",\"datePublished\":\"2026-01-31T09:31:37+00:00\",\"dateModified\":\"2026-04-23T08:20:40+00:00\",\"mainEntityOfPage\":{\"@id\":\"https:\\\/\\\/olafholzapfel.de\\\/produktive-unruhe\\\/\"},\"wordCount\":571,\"publisher\":{\"@id\":\"https:\\\/\\\/olafholzapfel.de\\\/#organization\"},\"articleSection\":[\"kommend\"],\"inLanguage\":\"en-GB\"},{\"@type\":\"WebPage\",\"@id\":\"https:\\\/\\\/olafholzapfel.de\\\/produktive-unruhe\\\/\",\"url\":\"https:\\\/\\\/olafholzapfel.de\\\/produktive-unruhe\\\/\",\"name\":\"Produktive Unruhe - Olaf Holzapfel\",\"isPartOf\":{\"@id\":\"https:\\\/\\\/olafholzapfel.de\\\/#website\"},\"datePublished\":\"2026-01-31T09:31:37+00:00\",\"dateModified\":\"2026-04-23T08:20:40+00:00\",\"breadcrumb\":{\"@id\":\"https:\\\/\\\/olafholzapfel.de\\\/produktive-unruhe\\\/#breadcrumb\"},\"inLanguage\":\"en-GB\",\"potentialAction\":[{\"@type\":\"ReadAction\",\"target\":[\"https:\\\/\\\/olafholzapfel.de\\\/produktive-unruhe\\\/\"]}]},{\"@type\":\"BreadcrumbList\",\"@id\":\"https:\\\/\\\/olafholzapfel.de\\\/produktive-unruhe\\\/#breadcrumb\",\"itemListElement\":[{\"@type\":\"ListItem\",\"position\":1,\"name\":\"Startseite\",\"item\":\"https:\\\/\\\/olafholzapfel.de\\\/\"},{\"@type\":\"ListItem\",\"position\":2,\"name\":\"Produktive Unruhe\"}]},{\"@type\":\"WebSite\",\"@id\":\"https:\\\/\\\/olafholzapfel.de\\\/#website\",\"url\":\"https:\\\/\\\/olafholzapfel.de\\\/\",\"name\":\"olaf holzapfel\",\"description\":\"Website of Berlin artist Olaf Holzapfel\",\"publisher\":{\"@id\":\"https:\\\/\\\/olafholzapfel.de\\\/#organization\"},\"potentialAction\":[{\"@type\":\"SearchAction\",\"target\":{\"@type\":\"EntryPoint\",\"urlTemplate\":\"https:\\\/\\\/olafholzapfel.de\\\/?s={search_term_string}\"},\"query-input\":{\"@type\":\"PropertyValueSpecification\",\"valueRequired\":true,\"valueName\":\"search_term_string\"}}],\"inLanguage\":\"en-GB\"},{\"@type\":\"Organization\",\"@id\":\"https:\\\/\\\/olafholzapfel.de\\\/#organization\",\"name\":\"olaf holzapfel studio\",\"url\":\"https:\\\/\\\/olafholzapfel.de\\\/\",\"logo\":{\"@type\":\"ImageObject\",\"inLanguage\":\"en-GB\",\"@id\":\"https:\\\/\\\/olafholzapfel.de\\\/#\\\/schema\\\/logo\\\/image\\\/\",\"url\":\"https:\\\/\\\/olafholzapfel.de\\\/wp-content\\\/uploads\\\/2024\\\/07\\\/olaf-holzapfel-zeitgenoessische-kunst.png\",\"contentUrl\":\"https:\\\/\\\/olafholzapfel.de\\\/wp-content\\\/uploads\\\/2024\\\/07\\\/olaf-holzapfel-zeitgenoessische-kunst.png\",\"width\":3142,\"height\":464,\"caption\":\"olaf holzapfel studio\"},\"image\":{\"@id\":\"https:\\\/\\\/olafholzapfel.de\\\/#\\\/schema\\\/logo\\\/image\\\/\"},\"sameAs\":[\"https:\\\/\\\/www.instagram.com\\\/olafholzapfel\"]},{\"@type\":\"Person\",\"@id\":\"https:\\\/\\\/olafholzapfel.de\\\/#\\\/schema\\\/person\\\/7373f5f4c2e84bf2f4cd2c962c9b7619\",\"name\":\"Ulrike Bernhard\",\"image\":{\"@type\":\"ImageObject\",\"inLanguage\":\"en-GB\",\"@id\":\"https:\\\/\\\/secure.gravatar.com\\\/avatar\\\/8c3f0880bf95bc8de994e65c5e93223409b8d021af5baf325391b7985932b53e?s=96&d=mm&r=g\",\"url\":\"https:\\\/\\\/secure.gravatar.com\\\/avatar\\\/8c3f0880bf95bc8de994e65c5e93223409b8d021af5baf325391b7985932b53e?s=96&d=mm&r=g\",\"contentUrl\":\"https:\\\/\\\/secure.gravatar.com\\\/avatar\\\/8c3f0880bf95bc8de994e65c5e93223409b8d021af5baf325391b7985932b53e?s=96&d=mm&r=g\",\"caption\":\"Ulrike Bernhard\"},\"url\":\"https:\\\/\\\/olafholzapfel.de\\\/en\\\/author\\\/ulrike\\\/\"}]}<\/script>\n<!-- \/ Yoast SEO plugin. -->","yoast_head_json":{"title":"Produktive Unruhe - Olaf Holzapfel","robots":{"index":"index","follow":"follow","max-snippet":"max-snippet:-1","max-image-preview":"max-image-preview:large","max-video-preview":"max-video-preview:-1"},"canonical":"https:\/\/olafholzapfel.de\/en\/produktive-unruhe\/","og_locale":"en_GB","og_type":"article","og_title":"Produktive Unruhe - Olaf Holzapfel","og_description":"Mit Werken von Bernd Bankroth, Falko Behrendt, Sibylle Bergemann, Christian Borchert, Anna Bromley, Klaus Dennhardt, Michael Freudenberg, Freunde der Italienischen Oper, Reinhard Dietrich, Manuel Frolik, Hubertus Giebe, Hermann Gl\u00f6ckner, Dieter Goltzsche, Eberhard G\u00f6schel, Hans-Hendrik Grimmling, Herta G\u00fcnther, Angela Hampel, Andreas Hegewald, Christian Heinze, Christine Heitmann, Ernst Hirsch \/ Gartenfest Heinz Wittig, Olaf Holzapfel, Wilhelm Klotzek,... View Article","og_url":"https:\/\/olafholzapfel.de\/en\/produktive-unruhe\/","og_site_name":"Olaf Holzapfel","article_published_time":"2026-01-31T09:31:37+00:00","article_modified_time":"2026-04-23T08:20:40+00:00","author":"Ulrike Bernhard","twitter_card":"summary_large_image","twitter_misc":{"Written by":"Ulrike Bernhard","Estimated reading time":"3 minutes"},"schema":{"@context":"https:\/\/schema.org","@graph":[{"@type":"Article","@id":"https:\/\/olafholzapfel.de\/produktive-unruhe\/#article","isPartOf":{"@id":"https:\/\/olafholzapfel.de\/produktive-unruhe\/"},"author":{"name":"Ulrike Bernhard","@id":"https:\/\/olafholzapfel.de\/#\/schema\/person\/7373f5f4c2e84bf2f4cd2c962c9b7619"},"headline":"Produktive Unruhe","datePublished":"2026-01-31T09:31:37+00:00","dateModified":"2026-04-23T08:20:40+00:00","mainEntityOfPage":{"@id":"https:\/\/olafholzapfel.de\/produktive-unruhe\/"},"wordCount":571,"publisher":{"@id":"https:\/\/olafholzapfel.de\/#organization"},"articleSection":["kommend"],"inLanguage":"en-GB"},{"@type":"WebPage","@id":"https:\/\/olafholzapfel.de\/produktive-unruhe\/","url":"https:\/\/olafholzapfel.de\/produktive-unruhe\/","name":"Produktive Unruhe - Olaf Holzapfel","isPartOf":{"@id":"https:\/\/olafholzapfel.de\/#website"},"datePublished":"2026-01-31T09:31:37+00:00","dateModified":"2026-04-23T08:20:40+00:00","breadcrumb":{"@id":"https:\/\/olafholzapfel.de\/produktive-unruhe\/#breadcrumb"},"inLanguage":"en-GB","potentialAction":[{"@type":"ReadAction","target":["https:\/\/olafholzapfel.de\/produktive-unruhe\/"]}]},{"@type":"BreadcrumbList","@id":"https:\/\/olafholzapfel.de\/produktive-unruhe\/#breadcrumb","itemListElement":[{"@type":"ListItem","position":1,"name":"Startseite","item":"https:\/\/olafholzapfel.de\/"},{"@type":"ListItem","position":2,"name":"Produktive Unruhe"}]},{"@type":"WebSite","@id":"https:\/\/olafholzapfel.de\/#website","url":"https:\/\/olafholzapfel.de\/","name":"olaf holzapfel","description":"Website of Berlin artist Olaf Holzapfel","publisher":{"@id":"https:\/\/olafholzapfel.de\/#organization"},"potentialAction":[{"@type":"SearchAction","target":{"@type":"EntryPoint","urlTemplate":"https:\/\/olafholzapfel.de\/?s={search_term_string}"},"query-input":{"@type":"PropertyValueSpecification","valueRequired":true,"valueName":"search_term_string"}}],"inLanguage":"en-GB"},{"@type":"Organization","@id":"https:\/\/olafholzapfel.de\/#organization","name":"olaf holzapfel studio","url":"https:\/\/olafholzapfel.de\/","logo":{"@type":"ImageObject","inLanguage":"en-GB","@id":"https:\/\/olafholzapfel.de\/#\/schema\/logo\/image\/","url":"https:\/\/olafholzapfel.de\/wp-content\/uploads\/2024\/07\/olaf-holzapfel-zeitgenoessische-kunst.png","contentUrl":"https:\/\/olafholzapfel.de\/wp-content\/uploads\/2024\/07\/olaf-holzapfel-zeitgenoessische-kunst.png","width":3142,"height":464,"caption":"olaf holzapfel studio"},"image":{"@id":"https:\/\/olafholzapfel.de\/#\/schema\/logo\/image\/"},"sameAs":["https:\/\/www.instagram.com\/olafholzapfel"]},{"@type":"Person","@id":"https:\/\/olafholzapfel.de\/#\/schema\/person\/7373f5f4c2e84bf2f4cd2c962c9b7619","name":"Ulrike Bernhard","image":{"@type":"ImageObject","inLanguage":"en-GB","@id":"https:\/\/secure.gravatar.com\/avatar\/8c3f0880bf95bc8de994e65c5e93223409b8d021af5baf325391b7985932b53e?s=96&d=mm&r=g","url":"https:\/\/secure.gravatar.com\/avatar\/8c3f0880bf95bc8de994e65c5e93223409b8d021af5baf325391b7985932b53e?s=96&d=mm&r=g","contentUrl":"https:\/\/secure.gravatar.com\/avatar\/8c3f0880bf95bc8de994e65c5e93223409b8d021af5baf325391b7985932b53e?s=96&d=mm&r=g","caption":"Ulrike Bernhard"},"url":"https:\/\/olafholzapfel.de\/en\/author\/ulrike\/"}]}},"wps_subtitle":"21.5.-26.7.26 \/ Kunsthaus Dresden","_links":{"self":[{"href":"https:\/\/olafholzapfel.de\/en\/wp-json\/wp\/v2\/posts\/11329","targetHints":{"allow":["GET"]}}],"collection":[{"href":"https:\/\/olafholzapfel.de\/en\/wp-json\/wp\/v2\/posts"}],"about":[{"href":"https:\/\/olafholzapfel.de\/en\/wp-json\/wp\/v2\/types\/post"}],"author":[{"embeddable":true,"href":"https:\/\/olafholzapfel.de\/en\/wp-json\/wp\/v2\/users\/7"}],"replies":[{"embeddable":true,"href":"https:\/\/olafholzapfel.de\/en\/wp-json\/wp\/v2\/comments?post=11329"}],"version-history":[{"count":4,"href":"https:\/\/olafholzapfel.de\/en\/wp-json\/wp\/v2\/posts\/11329\/revisions"}],"predecessor-version":[{"id":11476,"href":"https:\/\/olafholzapfel.de\/en\/wp-json\/wp\/v2\/posts\/11329\/revisions\/11476"}],"wp:attachment":[{"href":"https:\/\/olafholzapfel.de\/en\/wp-json\/wp\/v2\/media?parent=11329"}],"wp:term":[{"taxonomy":"category","embeddable":true,"href":"https:\/\/olafholzapfel.de\/en\/wp-json\/wp\/v2\/categories?post=11329"},{"taxonomy":"post_tag","embeddable":true,"href":"https:\/\/olafholzapfel.de\/en\/wp-json\/wp\/v2\/tags?post=11329"}],"curies":[{"name":"wp","href":"https:\/\/api.w.org\/{rel}","templated":true}]}}