{"id":8621,"date":"2021-09-20T19:44:33","date_gmt":"2021-09-20T17:44:33","guid":{"rendered":"http:\/\/olafholzapfel.de\/?p=8621"},"modified":"2025-11-04T10:23:34","modified_gmt":"2025-11-04T08:23:34","slug":"landliebe","status":"publish","type":"post","link":"https:\/\/olafholzapfel.de\/en\/landliebe\/","title":{"rendered":"landlove"},"content":{"rendered":"<p>with Korbinian Aigner, Cuno Amiet, Mirko Baselgia, Denise Bertschi, Emil Brunner, Edward Burtynsky, Carlos Fern\u00e1ndez, Andrea Garbald, Dorota Gaw\u0119da und Egl\u0117 Kulbokait\u0117, Oliver Gemperle, Giovanni Giacometti, Asta Gr\u00f6ting, Ilkka Halso, Johann Jakob Hauswirth, Lois Hechenblaikner, Olaf Holzapfel, Sofia Hult\u00e9n, Ernst Ludwig Kirchner, Marcus Maeder, Val Minnig, Roland Roos, Louis Saugy, Paul Senn, Lerato Shadi, Beatrix Sitter-Liver und Anna Tiessen.<\/p>\n\n\n\n<figure class=\"wp-block-image size-full\"><a href=\"https:\/\/olafholzapfel.de\/wp-content\/uploads\/2021\/09\/DSC2657-Kopie-scaled.jpg\"><img loading=\"lazy\" decoding=\"async\" width=\"2560\" height=\"1709\" src=\"https:\/\/olafholzapfel.de\/wp-content\/uploads\/2021\/09\/DSC2657-Kopie-scaled.jpg\" alt=\"\" class=\"wp-image-8624\" srcset=\"https:\/\/olafholzapfel.de\/wp-content\/uploads\/2021\/09\/DSC2657-Kopie-scaled.jpg 2560w, https:\/\/olafholzapfel.de\/wp-content\/uploads\/2021\/09\/DSC2657-Kopie-250x167.jpg 250w, https:\/\/olafholzapfel.de\/wp-content\/uploads\/2021\/09\/DSC2657-Kopie-700x467.jpg 700w, https:\/\/olafholzapfel.de\/wp-content\/uploads\/2021\/09\/DSC2657-Kopie-768x513.jpg 768w, https:\/\/olafholzapfel.de\/wp-content\/uploads\/2021\/09\/DSC2657-Kopie-1536x1025.jpg 1536w, https:\/\/olafholzapfel.de\/wp-content\/uploads\/2021\/09\/DSC2657-Kopie-2048x1367.jpg 2048w, https:\/\/olafholzapfel.de\/wp-content\/uploads\/2021\/09\/DSC2657-Kopie-16x12.jpg 16w, https:\/\/olafholzapfel.de\/wp-content\/uploads\/2021\/09\/DSC2657-Kopie-120x80.jpg 120w\" sizes=\"auto, (max-width: 2560px) 100vw, 2560px\" \/><\/a><\/figure>\n\n\n\n<p>The chaotic nature of the haystack finds its counterpart in the ordered structure of Olaf Holzapfel's work Lichtbild 2\/1 Stoff (2013). Here, too, the yields of the field serve as the artistic starting point. Holzapfel's hay and straw pieces Schattenbild \u2013 Rotes Kreuz (2011) and Pyramide (2017) possess a strong presence in the space as scented objects and question agriculture as an aesthetic framework.<\/p>\n\n\n\n<p class=\"has-small-font-size\">Text by Damian Jurt (full length here) <a href=\"https:\/\/olafholzapfel.de\/wp\/wp-content\/uploads\/2021\/09\/Saalblatt_LandLiebe_DE.pdf\">deutsch<\/a> \/ <a href=\"https:\/\/olafholzapfel.de\/wp\/wp-content\/uploads\/2021\/09\/Saalblatt_LandLiebe_EN.pdf\">englisch<\/a> )<\/p>","protected":false},"excerpt":{"rendered":"mit Werken von Korbinian Aigner, Cuno Amiet, Mirko Baselgia, Denise Bertschi, Emil Brunner, Edward Burtynsky, Carlos Fern\u00e1ndez, Andrea Garbald, Dorota Gaw\u0119da und Egl\u0117 Kulbokait\u0117, Oliver Gemperle, Giovanni Giacometti, Asta Gr\u00f6ting, Ilkka Halso, Johann Jakob Hauswirth, Lois Hechenblaikner, Olaf Holzapfel, Sofia Hult\u00e9n, Ernst Ludwig Kirchner, Marcus Maeder, Val Minnig, Roland Roos, Louis Saugy, Paul Senn, Lerato&#8230; <a class=\"view-article\" href=\"https:\/\/olafholzapfel.de\/en\/landliebe\/\">View Article<\/a>","protected":false},"author":6,"featured_media":1946,"comment_status":"closed","ping_status":"closed","sticky":false,"template":"","format":"standard","meta":{"footnotes":""},"categories":[54,7,60,65],"tags":[],"class_list":["post-8621","post","type-post","status-publish","format-standard","has-post-thumbnail","hentry","category-arbeiten_works","category-ausstellung","category-heubilder","category-stroharbeiten"],"yoast_head":"<!-- This site is optimized with the Yoast SEO plugin v27.4 - https:\/\/yoast.com\/product\/yoast-seo-wordpress\/ -->\n<title>LandLiebe - Olaf Holzapfel<\/title>\n<meta name=\"robots\" content=\"index, follow, max-snippet:-1, max-image-preview:large, max-video-preview:-1\" \/>\n<link rel=\"canonical\" href=\"https:\/\/olafholzapfel.de\/en\/landliebe\/\" \/>\n<meta property=\"og:locale\" content=\"en_GB\" \/>\n<meta property=\"og:type\" content=\"article\" \/>\n<meta property=\"og:title\" content=\"LandLiebe - Olaf Holzapfel\" \/>\n<meta property=\"og:description\" content=\"mit Werken von Korbinian Aigner, Cuno Amiet, Mirko Baselgia, Denise Bertschi, Emil Brunner, Edward Burtynsky, Carlos Fern\u00e1ndez, Andrea Garbald, Dorota Gaw\u0119da und Egl\u0117 Kulbokait\u0117, Oliver Gemperle, Giovanni Giacometti, Asta Gr\u00f6ting, Ilkka Halso, Johann Jakob Hauswirth, Lois Hechenblaikner, Olaf Holzapfel, Sofia Hult\u00e9n, Ernst Ludwig Kirchner, Marcus Maeder, Val Minnig, Roland Roos, Louis Saugy, Paul Senn, Lerato... View Article\" \/>\n<meta property=\"og:url\" content=\"https:\/\/olafholzapfel.de\/en\/landliebe\/\" \/>\n<meta property=\"og:site_name\" content=\"Olaf Holzapfel\" \/>\n<meta property=\"article:published_time\" content=\"2021-09-20T17:44:33+00:00\" \/>\n<meta property=\"article:modified_time\" content=\"2025-11-04T08:23:34+00:00\" \/>\n<meta property=\"og:image\" content=\"https:\/\/olafholzapfel.de\/wp-content\/uploads\/2012\/10\/HOLZAPFEL-Schattenbild-rotes-Kreuz-2012-Heu-Weissbuche-250x150-cm.jpg\" \/>\n\t<meta property=\"og:image:width\" content=\"1346\" \/>\n\t<meta property=\"og:image:height\" content=\"1017\" \/>\n\t<meta property=\"og:image:type\" content=\"image\/jpeg\" \/>\n<meta name=\"author\" content=\"anne\" \/>\n<meta name=\"twitter:card\" content=\"summary_large_image\" \/>\n<meta name=\"twitter:label1\" content=\"Written by\" \/>\n\t<meta name=\"twitter:data1\" content=\"anne\" \/>\n\t<meta name=\"twitter:label2\" content=\"Estimated reading time\" \/>\n\t<meta name=\"twitter:data2\" content=\"2 minutes\" \/>\n<script type=\"application\/ld+json\" class=\"yoast-schema-graph\">{\"@context\":\"https:\\\/\\\/schema.org\",\"@graph\":[{\"@type\":\"Article\",\"@id\":\"https:\\\/\\\/olafholzapfel.de\\\/landliebe\\\/#article\",\"isPartOf\":{\"@id\":\"https:\\\/\\\/olafholzapfel.de\\\/landliebe\\\/\"},\"author\":{\"name\":\"anne\",\"@id\":\"https:\\\/\\\/olafholzapfel.de\\\/#\\\/schema\\\/person\\\/1ace899587ba379625e0114dce54f89f\"},\"headline\":\"LandLiebe\",\"datePublished\":\"2021-09-20T17:44:33+00:00\",\"dateModified\":\"2025-11-04T08:23:34+00:00\",\"mainEntityOfPage\":{\"@id\":\"https:\\\/\\\/olafholzapfel.de\\\/landliebe\\\/\"},\"wordCount\":136,\"publisher\":{\"@id\":\"https:\\\/\\\/olafholzapfel.de\\\/#organization\"},\"image\":{\"@id\":\"https:\\\/\\\/olafholzapfel.de\\\/landliebe\\\/#primaryimage\"},\"thumbnailUrl\":\"https:\\\/\\\/olafholzapfel.de\\\/wp-content\\\/uploads\\\/2012\\\/10\\\/HOLZAPFEL-Schattenbild-rotes-Kreuz-2012-Heu-Weissbuche-250x150-cm.jpg\",\"articleSection\":[\"Arbeiten \\\/ Works\",\"Ausstellungen \\\/ Exhibitions\",\"Heubilder\",\"Stroharbeiten\"],\"inLanguage\":\"en-GB\"},{\"@type\":\"WebPage\",\"@id\":\"https:\\\/\\\/olafholzapfel.de\\\/landliebe\\\/\",\"url\":\"https:\\\/\\\/olafholzapfel.de\\\/landliebe\\\/\",\"name\":\"LandLiebe - Olaf Holzapfel\",\"isPartOf\":{\"@id\":\"https:\\\/\\\/olafholzapfel.de\\\/#website\"},\"primaryImageOfPage\":{\"@id\":\"https:\\\/\\\/olafholzapfel.de\\\/landliebe\\\/#primaryimage\"},\"image\":{\"@id\":\"https:\\\/\\\/olafholzapfel.de\\\/landliebe\\\/#primaryimage\"},\"thumbnailUrl\":\"https:\\\/\\\/olafholzapfel.de\\\/wp-content\\\/uploads\\\/2012\\\/10\\\/HOLZAPFEL-Schattenbild-rotes-Kreuz-2012-Heu-Weissbuche-250x150-cm.jpg\",\"datePublished\":\"2021-09-20T17:44:33+00:00\",\"dateModified\":\"2025-11-04T08:23:34+00:00\",\"breadcrumb\":{\"@id\":\"https:\\\/\\\/olafholzapfel.de\\\/landliebe\\\/#breadcrumb\"},\"inLanguage\":\"en-GB\",\"potentialAction\":[{\"@type\":\"ReadAction\",\"target\":[\"https:\\\/\\\/olafholzapfel.de\\\/landliebe\\\/\"]}]},{\"@type\":\"ImageObject\",\"inLanguage\":\"en-GB\",\"@id\":\"https:\\\/\\\/olafholzapfel.de\\\/landliebe\\\/#primaryimage\",\"url\":\"https:\\\/\\\/olafholzapfel.de\\\/wp-content\\\/uploads\\\/2012\\\/10\\\/HOLZAPFEL-Schattenbild-rotes-Kreuz-2012-Heu-Weissbuche-250x150-cm.jpg\",\"contentUrl\":\"https:\\\/\\\/olafholzapfel.de\\\/wp-content\\\/uploads\\\/2012\\\/10\\\/HOLZAPFEL-Schattenbild-rotes-Kreuz-2012-Heu-Weissbuche-250x150-cm.jpg\",\"width\":1346,\"height\":1017,\"caption\":\"Schattenbild - Rotes Kreuz, 2012; Heu, Tusche, Esche, 100 x 75 x 25 cm\"},{\"@type\":\"BreadcrumbList\",\"@id\":\"https:\\\/\\\/olafholzapfel.de\\\/landliebe\\\/#breadcrumb\",\"itemListElement\":[{\"@type\":\"ListItem\",\"position\":1,\"name\":\"Startseite\",\"item\":\"https:\\\/\\\/olafholzapfel.de\\\/\"},{\"@type\":\"ListItem\",\"position\":2,\"name\":\"LandLiebe\"}]},{\"@type\":\"WebSite\",\"@id\":\"https:\\\/\\\/olafholzapfel.de\\\/#website\",\"url\":\"https:\\\/\\\/olafholzapfel.de\\\/\",\"name\":\"olaf holzapfel\",\"description\":\"Website of Berlin artist Olaf Holzapfel\",\"publisher\":{\"@id\":\"https:\\\/\\\/olafholzapfel.de\\\/#organization\"},\"potentialAction\":[{\"@type\":\"SearchAction\",\"target\":{\"@type\":\"EntryPoint\",\"urlTemplate\":\"https:\\\/\\\/olafholzapfel.de\\\/?s={search_term_string}\"},\"query-input\":{\"@type\":\"PropertyValueSpecification\",\"valueRequired\":true,\"valueName\":\"search_term_string\"}}],\"inLanguage\":\"en-GB\"},{\"@type\":\"Organization\",\"@id\":\"https:\\\/\\\/olafholzapfel.de\\\/#organization\",\"name\":\"olaf holzapfel studio\",\"url\":\"https:\\\/\\\/olafholzapfel.de\\\/\",\"logo\":{\"@type\":\"ImageObject\",\"inLanguage\":\"en-GB\",\"@id\":\"https:\\\/\\\/olafholzapfel.de\\\/#\\\/schema\\\/logo\\\/image\\\/\",\"url\":\"https:\\\/\\\/olafholzapfel.de\\\/wp-content\\\/uploads\\\/2024\\\/07\\\/olaf-holzapfel-zeitgenoessische-kunst.png\",\"contentUrl\":\"https:\\\/\\\/olafholzapfel.de\\\/wp-content\\\/uploads\\\/2024\\\/07\\\/olaf-holzapfel-zeitgenoessische-kunst.png\",\"width\":3142,\"height\":464,\"caption\":\"olaf holzapfel studio\"},\"image\":{\"@id\":\"https:\\\/\\\/olafholzapfel.de\\\/#\\\/schema\\\/logo\\\/image\\\/\"},\"sameAs\":[\"https:\\\/\\\/www.instagram.com\\\/olafholzapfel\"]},{\"@type\":\"Person\",\"@id\":\"https:\\\/\\\/olafholzapfel.de\\\/#\\\/schema\\\/person\\\/1ace899587ba379625e0114dce54f89f\",\"name\":\"anne\",\"image\":{\"@type\":\"ImageObject\",\"inLanguage\":\"en-GB\",\"@id\":\"https:\\\/\\\/secure.gravatar.com\\\/avatar\\\/c9218bfc726b06a8ebd0ecc9fbe0264554d2bf96a5c430250aad56b894cbc99b?s=96&d=mm&r=g\",\"url\":\"https:\\\/\\\/secure.gravatar.com\\\/avatar\\\/c9218bfc726b06a8ebd0ecc9fbe0264554d2bf96a5c430250aad56b894cbc99b?s=96&d=mm&r=g\",\"contentUrl\":\"https:\\\/\\\/secure.gravatar.com\\\/avatar\\\/c9218bfc726b06a8ebd0ecc9fbe0264554d2bf96a5c430250aad56b894cbc99b?s=96&d=mm&r=g\",\"caption\":\"anne\"},\"url\":\"https:\\\/\\\/olafholzapfel.de\\\/en\\\/author\\\/anne\\\/\"}]}<\/script>\n<!-- \/ Yoast SEO plugin. -->","yoast_head_json":{"title":"LandLiebe - Olaf Holzapfel","robots":{"index":"index","follow":"follow","max-snippet":"max-snippet:-1","max-image-preview":"max-image-preview:large","max-video-preview":"max-video-preview:-1"},"canonical":"https:\/\/olafholzapfel.de\/en\/landliebe\/","og_locale":"en_GB","og_type":"article","og_title":"LandLiebe - Olaf Holzapfel","og_description":"mit Werken von Korbinian Aigner, Cuno Amiet, Mirko Baselgia, Denise Bertschi, Emil Brunner, Edward Burtynsky, Carlos Fern\u00e1ndez, Andrea Garbald, Dorota Gaw\u0119da und Egl\u0117 Kulbokait\u0117, Oliver Gemperle, Giovanni Giacometti, Asta Gr\u00f6ting, Ilkka Halso, Johann Jakob Hauswirth, Lois Hechenblaikner, Olaf Holzapfel, Sofia Hult\u00e9n, Ernst Ludwig Kirchner, Marcus Maeder, Val Minnig, Roland Roos, Louis Saugy, Paul Senn, Lerato... View Article","og_url":"https:\/\/olafholzapfel.de\/en\/landliebe\/","og_site_name":"Olaf Holzapfel","article_published_time":"2021-09-20T17:44:33+00:00","article_modified_time":"2025-11-04T08:23:34+00:00","og_image":[{"width":1346,"height":1017,"url":"https:\/\/olafholzapfel.de\/wp-content\/uploads\/2012\/10\/HOLZAPFEL-Schattenbild-rotes-Kreuz-2012-Heu-Weissbuche-250x150-cm.jpg","type":"image\/jpeg"}],"author":"anne","twitter_card":"summary_large_image","twitter_misc":{"Written by":"anne","Estimated reading time":"2 minutes"},"schema":{"@context":"https:\/\/schema.org","@graph":[{"@type":"Article","@id":"https:\/\/olafholzapfel.de\/landliebe\/#article","isPartOf":{"@id":"https:\/\/olafholzapfel.de\/landliebe\/"},"author":{"name":"anne","@id":"https:\/\/olafholzapfel.de\/#\/schema\/person\/1ace899587ba379625e0114dce54f89f"},"headline":"LandLiebe","datePublished":"2021-09-20T17:44:33+00:00","dateModified":"2025-11-04T08:23:34+00:00","mainEntityOfPage":{"@id":"https:\/\/olafholzapfel.de\/landliebe\/"},"wordCount":136,"publisher":{"@id":"https:\/\/olafholzapfel.de\/#organization"},"image":{"@id":"https:\/\/olafholzapfel.de\/landliebe\/#primaryimage"},"thumbnailUrl":"https:\/\/olafholzapfel.de\/wp-content\/uploads\/2012\/10\/HOLZAPFEL-Schattenbild-rotes-Kreuz-2012-Heu-Weissbuche-250x150-cm.jpg","articleSection":["Arbeiten \/ Works","Ausstellungen \/ Exhibitions","Heubilder","Stroharbeiten"],"inLanguage":"en-GB"},{"@type":"WebPage","@id":"https:\/\/olafholzapfel.de\/landliebe\/","url":"https:\/\/olafholzapfel.de\/landliebe\/","name":"LandLiebe - Olaf Holzapfel","isPartOf":{"@id":"https:\/\/olafholzapfel.de\/#website"},"primaryImageOfPage":{"@id":"https:\/\/olafholzapfel.de\/landliebe\/#primaryimage"},"image":{"@id":"https:\/\/olafholzapfel.de\/landliebe\/#primaryimage"},"thumbnailUrl":"https:\/\/olafholzapfel.de\/wp-content\/uploads\/2012\/10\/HOLZAPFEL-Schattenbild-rotes-Kreuz-2012-Heu-Weissbuche-250x150-cm.jpg","datePublished":"2021-09-20T17:44:33+00:00","dateModified":"2025-11-04T08:23:34+00:00","breadcrumb":{"@id":"https:\/\/olafholzapfel.de\/landliebe\/#breadcrumb"},"inLanguage":"en-GB","potentialAction":[{"@type":"ReadAction","target":["https:\/\/olafholzapfel.de\/landliebe\/"]}]},{"@type":"ImageObject","inLanguage":"en-GB","@id":"https:\/\/olafholzapfel.de\/landliebe\/#primaryimage","url":"https:\/\/olafholzapfel.de\/wp-content\/uploads\/2012\/10\/HOLZAPFEL-Schattenbild-rotes-Kreuz-2012-Heu-Weissbuche-250x150-cm.jpg","contentUrl":"https:\/\/olafholzapfel.de\/wp-content\/uploads\/2012\/10\/HOLZAPFEL-Schattenbild-rotes-Kreuz-2012-Heu-Weissbuche-250x150-cm.jpg","width":1346,"height":1017,"caption":"Schattenbild - Rotes Kreuz, 2012; Heu, Tusche, Esche, 100 x 75 x 25 cm"},{"@type":"BreadcrumbList","@id":"https:\/\/olafholzapfel.de\/landliebe\/#breadcrumb","itemListElement":[{"@type":"ListItem","position":1,"name":"Startseite","item":"https:\/\/olafholzapfel.de\/"},{"@type":"ListItem","position":2,"name":"LandLiebe"}]},{"@type":"WebSite","@id":"https:\/\/olafholzapfel.de\/#website","url":"https:\/\/olafholzapfel.de\/","name":"olaf holzapfel","description":"Website of Berlin artist Olaf Holzapfel","publisher":{"@id":"https:\/\/olafholzapfel.de\/#organization"},"potentialAction":[{"@type":"SearchAction","target":{"@type":"EntryPoint","urlTemplate":"https:\/\/olafholzapfel.de\/?s={search_term_string}"},"query-input":{"@type":"PropertyValueSpecification","valueRequired":true,"valueName":"search_term_string"}}],"inLanguage":"en-GB"},{"@type":"Organization","@id":"https:\/\/olafholzapfel.de\/#organization","name":"olaf holzapfel studio","url":"https:\/\/olafholzapfel.de\/","logo":{"@type":"ImageObject","inLanguage":"en-GB","@id":"https:\/\/olafholzapfel.de\/#\/schema\/logo\/image\/","url":"https:\/\/olafholzapfel.de\/wp-content\/uploads\/2024\/07\/olaf-holzapfel-zeitgenoessische-kunst.png","contentUrl":"https:\/\/olafholzapfel.de\/wp-content\/uploads\/2024\/07\/olaf-holzapfel-zeitgenoessische-kunst.png","width":3142,"height":464,"caption":"olaf holzapfel studio"},"image":{"@id":"https:\/\/olafholzapfel.de\/#\/schema\/logo\/image\/"},"sameAs":["https:\/\/www.instagram.com\/olafholzapfel"]},{"@type":"Person","@id":"https:\/\/olafholzapfel.de\/#\/schema\/person\/1ace899587ba379625e0114dce54f89f","name":"anne","image":{"@type":"ImageObject","inLanguage":"en-GB","@id":"https:\/\/secure.gravatar.com\/avatar\/c9218bfc726b06a8ebd0ecc9fbe0264554d2bf96a5c430250aad56b894cbc99b?s=96&d=mm&r=g","url":"https:\/\/secure.gravatar.com\/avatar\/c9218bfc726b06a8ebd0ecc9fbe0264554d2bf96a5c430250aad56b894cbc99b?s=96&d=mm&r=g","contentUrl":"https:\/\/secure.gravatar.com\/avatar\/c9218bfc726b06a8ebd0ecc9fbe0264554d2bf96a5c430250aad56b894cbc99b?s=96&d=mm&r=g","caption":"anne"},"url":"https:\/\/olafholzapfel.de\/en\/author\/anne\/"}]}},"wps_subtitle":"18.09.21-02.01.22 \/ B\u00fcndner Kunstmuseum \/ Chur \/ Switzerland","_links":{"self":[{"href":"https:\/\/olafholzapfel.de\/en\/wp-json\/wp\/v2\/posts\/8621","targetHints":{"allow":["GET"]}}],"collection":[{"href":"https:\/\/olafholzapfel.de\/en\/wp-json\/wp\/v2\/posts"}],"about":[{"href":"https:\/\/olafholzapfel.de\/en\/wp-json\/wp\/v2\/types\/post"}],"author":[{"embeddable":true,"href":"https:\/\/olafholzapfel.de\/en\/wp-json\/wp\/v2\/users\/6"}],"replies":[{"embeddable":true,"href":"https:\/\/olafholzapfel.de\/en\/wp-json\/wp\/v2\/comments?post=8621"}],"version-history":[{"count":14,"href":"https:\/\/olafholzapfel.de\/en\/wp-json\/wp\/v2\/posts\/8621\/revisions"}],"predecessor-version":[{"id":10989,"href":"https:\/\/olafholzapfel.de\/en\/wp-json\/wp\/v2\/posts\/8621\/revisions\/10989"}],"wp:featuredmedia":[{"embeddable":true,"href":"https:\/\/olafholzapfel.de\/en\/wp-json\/wp\/v2\/media\/1946"}],"wp:attachment":[{"href":"https:\/\/olafholzapfel.de\/en\/wp-json\/wp\/v2\/media?parent=8621"}],"wp:term":[{"taxonomy":"category","embeddable":true,"href":"https:\/\/olafholzapfel.de\/en\/wp-json\/wp\/v2\/categories?post=8621"},{"taxonomy":"post_tag","embeddable":true,"href":"https:\/\/olafholzapfel.de\/en\/wp-json\/wp\/v2\/tags?post=8621"}],"curies":[{"name":"wp","href":"https:\/\/api.w.org\/{rel}","templated":true}]}}