{"id":9554,"date":"2025-02-18T13:12:07","date_gmt":"2025-02-18T11:12:07","guid":{"rendered":"https:\/\/olafholzapfel.de\/?p=9554"},"modified":"2026-04-27T08:02:18","modified_gmt":"2026-04-27T06:02:18","slug":"reconnecting-earth","status":"publish","type":"post","link":"https:\/\/olafholzapfel.de\/en\/reconnecting-earth\/","title":{"rendered":"(re)connecting. earth"},"content":{"rendered":"<div class=\"wp-block-columns is-layout-flex wp-container-core-columns-is-layout-9d6595d7 wp-block-columns-is-layout-flex\">\n<div class=\"wp-block-column is-layout-flow wp-block-column-is-layout-flow\">\n<p><a href=\"https:\/\/reconnecting.earth\/de\/\">https:\/\/reconnecting.earth\/de\/<\/a><\/p>\n\n\n\n<p>with: Ana Alenso, Monira Al Qadiri, Yuri Ancarani, Khalil Berro, Mabe Beth\u00f4nico, Seba Calfuqueo, Tanja Engelberts, Caroline Etter &amp; Laura Spozio, S\u00e9verin Guelpa, Mathias Kessler, Olaf Holzapfel, Jeewi Lee, Christian Jankowski, Gabriela L\u00f6ffel, Gabriel Massan, Philip C. Reiner, Soya the Cow<\/p>\n\n\n\n<p>Die Biennale basiert auf der Co-Creation in Phase 1.<\/p>\n\n\n\n<p>Basierend auf einem Mobilit\u00e4tsplan, der Stra\u00dfenbahn, Fahrrad und Zufu\u00dfgehen kombiniert, und unter Ber\u00fccksichtigung der unterschiedlichen Herkunft und Verkehrsmittel der Besucher, bietet (re)connecting.earth (03) eine Route entlang der Linie 17, der CEVA und der Greenway. Von Genf nach Annemasse erm\u00f6glicht diese Route den Besuchern, neue und bestehende Kunstwerke, zug\u00e4ngliche wissenschaftliche Inhalte und Naturst\u00e4tten in der Stadt zu entdecken und l\u00e4dt sie dazu ein, sich eine neue Welt vorzustellen, die auf den lokal und global verf\u00fcgbaren nat\u00fcrlichen Ressourcen basiert.<\/p>\n\n\n\n<figure class=\"wp-block-image size-large\"><img loading=\"lazy\" decoding=\"async\" width=\"700\" height=\"495\" src=\"https:\/\/olafholzapfel.de\/wp-content\/uploads\/2025\/02\/reconnecting.earth-03_agenda-700x495.jpg\" alt=\"\" class=\"wp-image-11457\" srcset=\"https:\/\/olafholzapfel.de\/wp-content\/uploads\/2025\/02\/reconnecting.earth-03_agenda-700x495.jpg 700w, https:\/\/olafholzapfel.de\/wp-content\/uploads\/2025\/02\/reconnecting.earth-03_agenda-250x177.jpg 250w, https:\/\/olafholzapfel.de\/wp-content\/uploads\/2025\/02\/reconnecting.earth-03_agenda-768x543.jpg 768w, https:\/\/olafholzapfel.de\/wp-content\/uploads\/2025\/02\/reconnecting.earth-03_agenda-1536x1086.jpg 1536w, https:\/\/olafholzapfel.de\/wp-content\/uploads\/2025\/02\/reconnecting.earth-03_agenda-2048x1448.jpg 2048w, https:\/\/olafholzapfel.de\/wp-content\/uploads\/2025\/02\/reconnecting.earth-03_agenda-18x12.jpg 18w, https:\/\/olafholzapfel.de\/wp-content\/uploads\/2025\/02\/reconnecting.earth-03_agenda-120x85.jpg 120w\" sizes=\"auto, (max-width: 700px) 100vw, 700px\" \/><\/figure>\n\n\n\n<figure class=\"wp-block-image size-large\"><img loading=\"lazy\" decoding=\"async\" width=\"700\" height=\"495\" src=\"https:\/\/olafholzapfel.de\/wp-content\/uploads\/2025\/02\/reconnecting.earth-03_map-700x495.jpg\" alt=\"\" class=\"wp-image-11462\" srcset=\"https:\/\/olafholzapfel.de\/wp-content\/uploads\/2025\/02\/reconnecting.earth-03_map-700x495.jpg 700w, https:\/\/olafholzapfel.de\/wp-content\/uploads\/2025\/02\/reconnecting.earth-03_map-250x177.jpg 250w, https:\/\/olafholzapfel.de\/wp-content\/uploads\/2025\/02\/reconnecting.earth-03_map-768x543.jpg 768w, https:\/\/olafholzapfel.de\/wp-content\/uploads\/2025\/02\/reconnecting.earth-03_map-1536x1086.jpg 1536w, https:\/\/olafholzapfel.de\/wp-content\/uploads\/2025\/02\/reconnecting.earth-03_map-2048x1448.jpg 2048w, https:\/\/olafholzapfel.de\/wp-content\/uploads\/2025\/02\/reconnecting.earth-03_map-18x12.jpg 18w, https:\/\/olafholzapfel.de\/wp-content\/uploads\/2025\/02\/reconnecting.earth-03_map-120x85.jpg 120w\" sizes=\"auto, (max-width: 700px) 100vw, 700px\" \/><\/figure>\n<\/div>\n<\/div>","protected":false},"excerpt":{"rendered":"https:\/\/reconnecting.earth\/de\/ with: Ana Alenso, Monira Al Qadiri, Yuri Ancarani, Khalil Berro, Mabe Beth\u00f4nico, Seba Calfuqueo, Tanja Engelberts, Caroline Etter &amp; Laura Spozio, S\u00e9verin Guelpa, Mathias Kessler, Olaf Holzapfel, Jeewi Lee, Christian Jankowski, Gabriela L\u00f6ffel, Gabriel Massan, Philip C. Reiner, Soya the Cow Die Biennale basiert auf der Co-Creation in Phase 1. Basierend auf einem Mobilit\u00e4tsplan,&#8230; <a class=\"view-article\" href=\"https:\/\/olafholzapfel.de\/en\/reconnecting-earth\/\">View Article<\/a>","protected":false},"author":6,"featured_media":11401,"comment_status":"closed","ping_status":"closed","sticky":false,"template":"","format":"standard","meta":{"footnotes":""},"categories":[61],"tags":[],"class_list":["post-9554","post","type-post","status-publish","format-standard","has-post-thumbnail","hentry","category-kommend"],"yoast_head":"<!-- This site is optimized with the Yoast SEO plugin v27.4 - https:\/\/yoast.com\/product\/yoast-seo-wordpress\/ -->\n<title>(re)connecting. earth - Olaf Holzapfel<\/title>\n<meta name=\"robots\" content=\"index, follow, max-snippet:-1, max-image-preview:large, max-video-preview:-1\" \/>\n<link rel=\"canonical\" href=\"https:\/\/olafholzapfel.de\/en\/reconnecting-earth\/\" \/>\n<meta property=\"og:locale\" content=\"en_GB\" \/>\n<meta property=\"og:type\" content=\"article\" \/>\n<meta property=\"og:title\" content=\"(re)connecting. earth - Olaf Holzapfel\" \/>\n<meta property=\"og:description\" content=\"https:\/\/reconnecting.earth\/de\/ with: Ana Alenso, Monira Al Qadiri, Yuri Ancarani, Khalil Berro, Mabe Beth\u00f4nico, Seba Calfuqueo, Tanja Engelberts, Caroline Etter &amp; Laura Spozio, S\u00e9verin Guelpa, Mathias Kessler, Olaf Holzapfel, Jeewi Lee, Christian Jankowski, Gabriela L\u00f6ffel, Gabriel Massan, Philip C. Reiner, Soya the Cow Die Biennale basiert auf der Co-Creation in Phase 1. Basierend auf einem Mobilit\u00e4tsplan,... View Article\" \/>\n<meta property=\"og:url\" content=\"https:\/\/olafholzapfel.de\/en\/reconnecting-earth\/\" \/>\n<meta property=\"og:site_name\" content=\"Olaf Holzapfel\" \/>\n<meta property=\"article:published_time\" content=\"2025-02-18T11:12:07+00:00\" \/>\n<meta property=\"article:modified_time\" content=\"2026-04-27T06:02:18+00:00\" \/>\n<meta property=\"og:image\" content=\"https:\/\/olafholzapfel.de\/wp-content\/uploads\/2025\/02\/reconnecting-earth.jpeg\" \/>\n\t<meta property=\"og:image:width\" content=\"1118\" \/>\n\t<meta property=\"og:image:height\" content=\"1600\" \/>\n\t<meta property=\"og:image:type\" content=\"image\/jpeg\" \/>\n<meta name=\"author\" content=\"anne\" \/>\n<meta name=\"twitter:card\" content=\"summary_large_image\" \/>\n<meta name=\"twitter:label1\" content=\"Written by\" \/>\n\t<meta name=\"twitter:data1\" content=\"anne\" \/>\n\t<meta name=\"twitter:label2\" content=\"Estimated reading time\" \/>\n\t<meta name=\"twitter:data2\" content=\"2 minutes\" \/>\n<script type=\"application\/ld+json\" class=\"yoast-schema-graph\">{\"@context\":\"https:\\\/\\\/schema.org\",\"@graph\":[{\"@type\":\"Article\",\"@id\":\"https:\\\/\\\/olafholzapfel.de\\\/reconnecting-earth\\\/#article\",\"isPartOf\":{\"@id\":\"https:\\\/\\\/olafholzapfel.de\\\/reconnecting-earth\\\/\"},\"author\":{\"name\":\"anne\",\"@id\":\"https:\\\/\\\/olafholzapfel.de\\\/#\\\/schema\\\/person\\\/1ace899587ba379625e0114dce54f89f\"},\"headline\":\"(re)connecting. earth\",\"datePublished\":\"2025-02-18T11:12:07+00:00\",\"dateModified\":\"2026-04-27T06:02:18+00:00\",\"mainEntityOfPage\":{\"@id\":\"https:\\\/\\\/olafholzapfel.de\\\/reconnecting-earth\\\/\"},\"wordCount\":146,\"publisher\":{\"@id\":\"https:\\\/\\\/olafholzapfel.de\\\/#organization\"},\"image\":{\"@id\":\"https:\\\/\\\/olafholzapfel.de\\\/reconnecting-earth\\\/#primaryimage\"},\"thumbnailUrl\":\"https:\\\/\\\/olafholzapfel.de\\\/wp-content\\\/uploads\\\/2025\\\/02\\\/reconnecting-earth.jpeg\",\"articleSection\":[\"kommend\"],\"inLanguage\":\"en-GB\"},{\"@type\":\"WebPage\",\"@id\":\"https:\\\/\\\/olafholzapfel.de\\\/reconnecting-earth\\\/\",\"url\":\"https:\\\/\\\/olafholzapfel.de\\\/reconnecting-earth\\\/\",\"name\":\"(re)connecting. earth - Olaf Holzapfel\",\"isPartOf\":{\"@id\":\"https:\\\/\\\/olafholzapfel.de\\\/#website\"},\"primaryImageOfPage\":{\"@id\":\"https:\\\/\\\/olafholzapfel.de\\\/reconnecting-earth\\\/#primaryimage\"},\"image\":{\"@id\":\"https:\\\/\\\/olafholzapfel.de\\\/reconnecting-earth\\\/#primaryimage\"},\"thumbnailUrl\":\"https:\\\/\\\/olafholzapfel.de\\\/wp-content\\\/uploads\\\/2025\\\/02\\\/reconnecting-earth.jpeg\",\"datePublished\":\"2025-02-18T11:12:07+00:00\",\"dateModified\":\"2026-04-27T06:02:18+00:00\",\"breadcrumb\":{\"@id\":\"https:\\\/\\\/olafholzapfel.de\\\/reconnecting-earth\\\/#breadcrumb\"},\"inLanguage\":\"en-GB\",\"potentialAction\":[{\"@type\":\"ReadAction\",\"target\":[\"https:\\\/\\\/olafholzapfel.de\\\/reconnecting-earth\\\/\"]}]},{\"@type\":\"ImageObject\",\"inLanguage\":\"en-GB\",\"@id\":\"https:\\\/\\\/olafholzapfel.de\\\/reconnecting-earth\\\/#primaryimage\",\"url\":\"https:\\\/\\\/olafholzapfel.de\\\/wp-content\\\/uploads\\\/2025\\\/02\\\/reconnecting-earth.jpeg\",\"contentUrl\":\"https:\\\/\\\/olafholzapfel.de\\\/wp-content\\\/uploads\\\/2025\\\/02\\\/reconnecting-earth.jpeg\",\"width\":1118,\"height\":1600},{\"@type\":\"BreadcrumbList\",\"@id\":\"https:\\\/\\\/olafholzapfel.de\\\/reconnecting-earth\\\/#breadcrumb\",\"itemListElement\":[{\"@type\":\"ListItem\",\"position\":1,\"name\":\"Startseite\",\"item\":\"https:\\\/\\\/olafholzapfel.de\\\/\"},{\"@type\":\"ListItem\",\"position\":2,\"name\":\"(re)connecting. earth\"}]},{\"@type\":\"WebSite\",\"@id\":\"https:\\\/\\\/olafholzapfel.de\\\/#website\",\"url\":\"https:\\\/\\\/olafholzapfel.de\\\/\",\"name\":\"olaf holzapfel\",\"description\":\"Website of Berlin artist Olaf Holzapfel\",\"publisher\":{\"@id\":\"https:\\\/\\\/olafholzapfel.de\\\/#organization\"},\"potentialAction\":[{\"@type\":\"SearchAction\",\"target\":{\"@type\":\"EntryPoint\",\"urlTemplate\":\"https:\\\/\\\/olafholzapfel.de\\\/?s={search_term_string}\"},\"query-input\":{\"@type\":\"PropertyValueSpecification\",\"valueRequired\":true,\"valueName\":\"search_term_string\"}}],\"inLanguage\":\"en-GB\"},{\"@type\":\"Organization\",\"@id\":\"https:\\\/\\\/olafholzapfel.de\\\/#organization\",\"name\":\"olaf holzapfel studio\",\"url\":\"https:\\\/\\\/olafholzapfel.de\\\/\",\"logo\":{\"@type\":\"ImageObject\",\"inLanguage\":\"en-GB\",\"@id\":\"https:\\\/\\\/olafholzapfel.de\\\/#\\\/schema\\\/logo\\\/image\\\/\",\"url\":\"https:\\\/\\\/olafholzapfel.de\\\/wp-content\\\/uploads\\\/2024\\\/07\\\/olaf-holzapfel-zeitgenoessische-kunst.png\",\"contentUrl\":\"https:\\\/\\\/olafholzapfel.de\\\/wp-content\\\/uploads\\\/2024\\\/07\\\/olaf-holzapfel-zeitgenoessische-kunst.png\",\"width\":3142,\"height\":464,\"caption\":\"olaf holzapfel studio\"},\"image\":{\"@id\":\"https:\\\/\\\/olafholzapfel.de\\\/#\\\/schema\\\/logo\\\/image\\\/\"},\"sameAs\":[\"https:\\\/\\\/www.instagram.com\\\/olafholzapfel\"]},{\"@type\":\"Person\",\"@id\":\"https:\\\/\\\/olafholzapfel.de\\\/#\\\/schema\\\/person\\\/1ace899587ba379625e0114dce54f89f\",\"name\":\"anne\",\"image\":{\"@type\":\"ImageObject\",\"inLanguage\":\"en-GB\",\"@id\":\"https:\\\/\\\/secure.gravatar.com\\\/avatar\\\/c9218bfc726b06a8ebd0ecc9fbe0264554d2bf96a5c430250aad56b894cbc99b?s=96&d=mm&r=g\",\"url\":\"https:\\\/\\\/secure.gravatar.com\\\/avatar\\\/c9218bfc726b06a8ebd0ecc9fbe0264554d2bf96a5c430250aad56b894cbc99b?s=96&d=mm&r=g\",\"contentUrl\":\"https:\\\/\\\/secure.gravatar.com\\\/avatar\\\/c9218bfc726b06a8ebd0ecc9fbe0264554d2bf96a5c430250aad56b894cbc99b?s=96&d=mm&r=g\",\"caption\":\"anne\"},\"url\":\"https:\\\/\\\/olafholzapfel.de\\\/en\\\/author\\\/anne\\\/\"}]}<\/script>\n<!-- \/ Yoast SEO plugin. -->","yoast_head_json":{"title":"(re)connecting. earth - Olaf Holzapfel","robots":{"index":"index","follow":"follow","max-snippet":"max-snippet:-1","max-image-preview":"max-image-preview:large","max-video-preview":"max-video-preview:-1"},"canonical":"https:\/\/olafholzapfel.de\/en\/reconnecting-earth\/","og_locale":"en_GB","og_type":"article","og_title":"(re)connecting. earth - Olaf Holzapfel","og_description":"https:\/\/reconnecting.earth\/de\/ with: Ana Alenso, Monira Al Qadiri, Yuri Ancarani, Khalil Berro, Mabe Beth\u00f4nico, Seba Calfuqueo, Tanja Engelberts, Caroline Etter &amp; Laura Spozio, S\u00e9verin Guelpa, Mathias Kessler, Olaf Holzapfel, Jeewi Lee, Christian Jankowski, Gabriela L\u00f6ffel, Gabriel Massan, Philip C. Reiner, Soya the Cow Die Biennale basiert auf der Co-Creation in Phase 1. Basierend auf einem Mobilit\u00e4tsplan,... View Article","og_url":"https:\/\/olafholzapfel.de\/en\/reconnecting-earth\/","og_site_name":"Olaf Holzapfel","article_published_time":"2025-02-18T11:12:07+00:00","article_modified_time":"2026-04-27T06:02:18+00:00","og_image":[{"width":1118,"height":1600,"url":"https:\/\/olafholzapfel.de\/wp-content\/uploads\/2025\/02\/reconnecting-earth.jpeg","type":"image\/jpeg"}],"author":"anne","twitter_card":"summary_large_image","twitter_misc":{"Written by":"anne","Estimated reading time":"2 minutes"},"schema":{"@context":"https:\/\/schema.org","@graph":[{"@type":"Article","@id":"https:\/\/olafholzapfel.de\/reconnecting-earth\/#article","isPartOf":{"@id":"https:\/\/olafholzapfel.de\/reconnecting-earth\/"},"author":{"name":"anne","@id":"https:\/\/olafholzapfel.de\/#\/schema\/person\/1ace899587ba379625e0114dce54f89f"},"headline":"(re)connecting. earth","datePublished":"2025-02-18T11:12:07+00:00","dateModified":"2026-04-27T06:02:18+00:00","mainEntityOfPage":{"@id":"https:\/\/olafholzapfel.de\/reconnecting-earth\/"},"wordCount":146,"publisher":{"@id":"https:\/\/olafholzapfel.de\/#organization"},"image":{"@id":"https:\/\/olafholzapfel.de\/reconnecting-earth\/#primaryimage"},"thumbnailUrl":"https:\/\/olafholzapfel.de\/wp-content\/uploads\/2025\/02\/reconnecting-earth.jpeg","articleSection":["kommend"],"inLanguage":"en-GB"},{"@type":"WebPage","@id":"https:\/\/olafholzapfel.de\/reconnecting-earth\/","url":"https:\/\/olafholzapfel.de\/reconnecting-earth\/","name":"(re)connecting. earth - Olaf Holzapfel","isPartOf":{"@id":"https:\/\/olafholzapfel.de\/#website"},"primaryImageOfPage":{"@id":"https:\/\/olafholzapfel.de\/reconnecting-earth\/#primaryimage"},"image":{"@id":"https:\/\/olafholzapfel.de\/reconnecting-earth\/#primaryimage"},"thumbnailUrl":"https:\/\/olafholzapfel.de\/wp-content\/uploads\/2025\/02\/reconnecting-earth.jpeg","datePublished":"2025-02-18T11:12:07+00:00","dateModified":"2026-04-27T06:02:18+00:00","breadcrumb":{"@id":"https:\/\/olafholzapfel.de\/reconnecting-earth\/#breadcrumb"},"inLanguage":"en-GB","potentialAction":[{"@type":"ReadAction","target":["https:\/\/olafholzapfel.de\/reconnecting-earth\/"]}]},{"@type":"ImageObject","inLanguage":"en-GB","@id":"https:\/\/olafholzapfel.de\/reconnecting-earth\/#primaryimage","url":"https:\/\/olafholzapfel.de\/wp-content\/uploads\/2025\/02\/reconnecting-earth.jpeg","contentUrl":"https:\/\/olafholzapfel.de\/wp-content\/uploads\/2025\/02\/reconnecting-earth.jpeg","width":1118,"height":1600},{"@type":"BreadcrumbList","@id":"https:\/\/olafholzapfel.de\/reconnecting-earth\/#breadcrumb","itemListElement":[{"@type":"ListItem","position":1,"name":"Startseite","item":"https:\/\/olafholzapfel.de\/"},{"@type":"ListItem","position":2,"name":"(re)connecting. earth"}]},{"@type":"WebSite","@id":"https:\/\/olafholzapfel.de\/#website","url":"https:\/\/olafholzapfel.de\/","name":"olaf holzapfel","description":"Website of Berlin artist Olaf Holzapfel","publisher":{"@id":"https:\/\/olafholzapfel.de\/#organization"},"potentialAction":[{"@type":"SearchAction","target":{"@type":"EntryPoint","urlTemplate":"https:\/\/olafholzapfel.de\/?s={search_term_string}"},"query-input":{"@type":"PropertyValueSpecification","valueRequired":true,"valueName":"search_term_string"}}],"inLanguage":"en-GB"},{"@type":"Organization","@id":"https:\/\/olafholzapfel.de\/#organization","name":"olaf holzapfel studio","url":"https:\/\/olafholzapfel.de\/","logo":{"@type":"ImageObject","inLanguage":"en-GB","@id":"https:\/\/olafholzapfel.de\/#\/schema\/logo\/image\/","url":"https:\/\/olafholzapfel.de\/wp-content\/uploads\/2024\/07\/olaf-holzapfel-zeitgenoessische-kunst.png","contentUrl":"https:\/\/olafholzapfel.de\/wp-content\/uploads\/2024\/07\/olaf-holzapfel-zeitgenoessische-kunst.png","width":3142,"height":464,"caption":"olaf holzapfel studio"},"image":{"@id":"https:\/\/olafholzapfel.de\/#\/schema\/logo\/image\/"},"sameAs":["https:\/\/www.instagram.com\/olafholzapfel"]},{"@type":"Person","@id":"https:\/\/olafholzapfel.de\/#\/schema\/person\/1ace899587ba379625e0114dce54f89f","name":"anne","image":{"@type":"ImageObject","inLanguage":"en-GB","@id":"https:\/\/secure.gravatar.com\/avatar\/c9218bfc726b06a8ebd0ecc9fbe0264554d2bf96a5c430250aad56b894cbc99b?s=96&d=mm&r=g","url":"https:\/\/secure.gravatar.com\/avatar\/c9218bfc726b06a8ebd0ecc9fbe0264554d2bf96a5c430250aad56b894cbc99b?s=96&d=mm&r=g","contentUrl":"https:\/\/secure.gravatar.com\/avatar\/c9218bfc726b06a8ebd0ecc9fbe0264554d2bf96a5c430250aad56b894cbc99b?s=96&d=mm&r=g","caption":"anne"},"url":"https:\/\/olafholzapfel.de\/en\/author\/anne\/"}]}},"wps_subtitle":"29.4.-14.6.26 \/ Geneva \/ Switzerland","_links":{"self":[{"href":"https:\/\/olafholzapfel.de\/en\/wp-json\/wp\/v2\/posts\/9554","targetHints":{"allow":["GET"]}}],"collection":[{"href":"https:\/\/olafholzapfel.de\/en\/wp-json\/wp\/v2\/posts"}],"about":[{"href":"https:\/\/olafholzapfel.de\/en\/wp-json\/wp\/v2\/types\/post"}],"author":[{"embeddable":true,"href":"https:\/\/olafholzapfel.de\/en\/wp-json\/wp\/v2\/users\/6"}],"replies":[{"embeddable":true,"href":"https:\/\/olafholzapfel.de\/en\/wp-json\/wp\/v2\/comments?post=9554"}],"version-history":[{"count":19,"href":"https:\/\/olafholzapfel.de\/en\/wp-json\/wp\/v2\/posts\/9554\/revisions"}],"predecessor-version":[{"id":11491,"href":"https:\/\/olafholzapfel.de\/en\/wp-json\/wp\/v2\/posts\/9554\/revisions\/11491"}],"wp:featuredmedia":[{"embeddable":true,"href":"https:\/\/olafholzapfel.de\/en\/wp-json\/wp\/v2\/media\/11401"}],"wp:attachment":[{"href":"https:\/\/olafholzapfel.de\/en\/wp-json\/wp\/v2\/media?parent=9554"}],"wp:term":[{"taxonomy":"category","embeddable":true,"href":"https:\/\/olafholzapfel.de\/en\/wp-json\/wp\/v2\/categories?post=9554"},{"taxonomy":"post_tag","embeddable":true,"href":"https:\/\/olafholzapfel.de\/en\/wp-json\/wp\/v2\/tags?post=9554"}],"curies":[{"name":"wp","href":"https:\/\/api.w.org\/{rel}","templated":true}]}}